{"id":3119,"date":"2026-03-04T11:23:45","date_gmt":"2026-03-04T11:23:45","guid":{"rendered":"https:\/\/www.connect-smartdrive.com\/?p=3119"},"modified":"2026-03-10T09:12:20","modified_gmt":"2026-03-10T09:12:20","slug":"chauffeur-prive-salons-professionnels-paris","status":"publish","type":"post","link":"https:\/\/connect-smartdrive.com\/en\/chauffeur-prive-salons-professionnels-paris\/","title":{"rendered":"Salons professionnels \u00e0 Paris : l\u2019excellence du transport avec chauffeur priv\u00e9 haut de gamme"},"content":{"rendered":"<p>Paris est l\u2019une des capitales mondiales des salons professionnels, des congr\u00e8s internationaux et des grandes foires sectorielles. Chaque ann\u00e9e, la ville accueille des milliers de d\u00e9cideurs, dirigeants, ing\u00e9nieurs, m\u00e9decins, investisseurs ou collectionneurs venus du monde entier pour participer \u00e0 des \u00e9v\u00e9nements strat\u00e9giques. Dans ce contexte exigeant o\u00f9 le temps est pr\u00e9cieux et l\u2019image essentielle, l\u2019organisation des d\u00e9placements devient un \u00e9l\u00e9ment cl\u00e9 de la r\u00e9ussite d\u2019un s\u00e9jour professionnel.<\/p>\n\n\n\n<p>C\u2019est pr\u00e9cis\u00e9ment l\u00e0 qu\u2019intervient <strong>Connect Smart Drive<\/strong>, service de chauffeur priv\u00e9 haut de gamme sp\u00e9cialis\u00e9 dans l\u2019accompagnement des clients professionnels et particuliers lors des grands \u00e9v\u00e9nements \u00e0 Paris. Transferts depuis les a\u00e9roports parisiens, mise \u00e0 disposition \u00e0 la journ\u00e9e, d\u00e9placements entre h\u00f4tels, restaurants et lieux d\u2019exposition : chaque trajet est pens\u00e9 pour offrir <strong>confort, discr\u00e9tion, ponctualit\u00e9 et s\u00e9r\u00e9nit\u00e9<\/strong>.<\/p>\n\n\n\n<p>Les salons professionnels se d\u00e9roulant souvent dans des zones tr\u00e8s fr\u00e9quent\u00e9es comme <strong>Le Bourget, Villepinte, La D\u00e9fense ou Porte de Versailles<\/strong>, les contraintes de circulation, de stationnement ou de s\u00e9curit\u00e9 peuvent rapidement compliquer les d\u00e9placements. Gr\u00e2ce \u00e0 une parfaite connaissance des acc\u00e8s, des itin\u00e9raires strat\u00e9giques et des zones de d\u00e9pose autoris\u00e9es, <strong>Connect Smart Drive garantit une logistique fluide et parfaitement ma\u00eetris\u00e9e<\/strong>.<\/p>\n\n\n\n<p>Voici les principaux \u00e9v\u00e9nements professionnels et internationaux \u00e0 Paris pour lesquels notre service de chauffeur priv\u00e9 premium constitue une solution id\u00e9ale.<\/p>\n\n\n<a class=\"csd-blog-b-summary\">\n    <div class=\"headline\">\n        <div class=\"title h3\">The program<\/div>\n    <\/div>\n    <div class=\"titles\">\n        <div class=\"title preload\"><\/div>\n        <div class=\"title preload\"><\/div>\n        <div class=\"title preload\"><\/div>\n    <\/div>\n<\/a>\n\n\n<h2 class=\"wp-block-heading\"><strong>JEC World : l\u2019innovation mondiale des mat\u00e9riaux composites<\/strong><\/h2>\n\n\n\n<p>Du <strong>10 au 12 mars 2026<\/strong>, le <strong>Parc des Expositions de Paris Nord Villepinte<\/strong> accueille <strong>JEC World<\/strong>, le salon international de r\u00e9f\u00e9rence d\u00e9di\u00e9 aux mat\u00e9riaux composites. Industriels, ing\u00e9nieurs, chercheurs et d\u00e9cideurs viennent y d\u00e9couvrir les innovations qui fa\u00e7onnent l\u2019avenir des secteurs a\u00e9ronautique, automobile, \u00e9nerg\u00e9tique ou sportif.<\/p>\n\n\n\n<p>Villepinte \u00e9tant situ\u00e9 \u00e0 proximit\u00e9 de l\u2019a\u00e9roport <strong>Paris-Charles-de-Gaulle<\/strong>, la circulation peut \u00eatre particuli\u00e8rement dense durant les grandes manifestations internationales. Un service de chauffeur priv\u00e9 premium devient alors un v\u00e9ritable atout.<\/p>\n\n\n\n<p><strong>Connect Smart Drive<\/strong> propose des transferts directs entre les <strong>terminaux a\u00e9roportuaires, les h\u00f4tels d\u2019affaires et le parc des expositions<\/strong>, garantissant un trajet rapide et confortable. Les visiteurs internationaux appr\u00e9cient particuli\u00e8rement la <strong>discr\u00e9tion, la ponctualit\u00e9 et le standing des v\u00e9hicules<\/strong>, qui permettent de travailler ou se reposer entre deux rendez-vous.<\/p>\n\n\n\n<h2 class=\"wp-block-heading\"><strong>PharmagoraPlus : l\u2019\u00e9v\u00e9nement incontournable de la pharmacie<\/strong><\/h2>\n\n\n\n<p>Visit <strong>14 et 15 mars 2026<\/strong>, <strong>Paris Expo Porte de Versailles<\/strong> accueille <strong>PharmagoraPlus<\/strong>, le grand salon d\u00e9di\u00e9 aux pharmaciens et aux professionnels de l\u2019officine. Laboratoires, industriels et experts de la e-sant\u00e9 s\u2019y retrouvent pour pr\u00e9senter innovations, solutions digitales et \u00e9volutions r\u00e9glementaires.<\/p>\n\n\n\n<p>Situ\u00e9 dans le sud de Paris, Porte de Versailles est l\u2019un des plus grands centres d\u2019exposition europ\u00e9ens. Durant les grands salons, les acc\u00e8s peuvent \u00eatre satur\u00e9s.<\/p>\n\n\n\n<p>Gr\u00e2ce \u00e0 <strong>Connect Smart Drive<\/strong>, les professionnels de sant\u00e9 peuvent rejoindre l\u2019\u00e9v\u00e9nement depuis leur h\u00f4tel ou leur gare <strong>sans perte de temps ni contrainte logistique<\/strong>. Nos chauffeurs anticipent les flux de circulation et d\u00e9posent les passagers au plus pr\u00e8s des entr\u00e9es du salon.<\/p>\n\n\n\n<h2 class=\"wp-block-heading\"><strong>Art Paris : l\u2019\u00e9l\u00e9gance du march\u00e9 de l\u2019art au Grand Palais<\/strong><\/h2>\n\n\n\n<p>Du <strong>9 au 12 avril 2026<\/strong>, le <strong>Grand Palais<\/strong> accueille <strong>Art Paris<\/strong>, une foire internationale d\u00e9di\u00e9e \u00e0 l\u2019art moderne et contemporain. Galeries prestigieuses, collectionneurs et amateurs d\u2019art du monde entier se r\u00e9unissent autour d\u2019une s\u00e9lection artistique exigeante.<\/p>\n\n\n\n<p>Dans ce contexte o\u00f9 <strong>l\u2019\u00e9l\u00e9gance et l\u2019image sont essentielles<\/strong>, un transport avec chauffeur priv\u00e9 s\u2019inscrit parfaitement dans l\u2019exp\u00e9rience de l\u2019\u00e9v\u00e9nement. Les visiteurs peuvent rejoindre le Grand Palais depuis leurs h\u00f4tels de luxe, leurs restaurants ou leurs galeries parisiennes \u00e0 bord d\u2019un v\u00e9hicule haut de gamme.<\/p>\n\n\n\n<p><strong>Connect Smart Drive<\/strong> offre une prestation raffin\u00e9e parfaitement adapt\u00e9e \u00e0 la client\u00e8le du march\u00e9 de l\u2019art.<\/p>\n\n\n\n<h2 class=\"wp-block-heading\"><strong>Food Hotel Tech Paris : l\u2019innovation digitale de l\u2019h\u00f4tellerie<\/strong><\/h2>\n\n\n\n<p>Visit <strong>14 et 15 avril 2026<\/strong>, toujours \u00e0 <strong>Paris Expo Porte de Versailles<\/strong>, se d\u00e9roule <strong>Food Hotel Tech<\/strong>, le salon d\u00e9di\u00e9 aux technologies innovantes pour l\u2019h\u00f4tellerie et la restauration.<\/p>\n\n\n\n<p>Startups, \u00e9diteurs de logiciels, investisseurs et professionnels du tourisme s\u2019y retrouvent pour d\u00e9couvrir les nouvelles solutions digitales, l\u2019intelligence artificielle et les innovations au service de l\u2019exp\u00e9rience client.<\/p>\n\n\n\n<p>Pour les entrepreneurs et dirigeants en d\u00e9placement, <strong>Connect Smart Drive<\/strong> propose des solutions de transport premium permettant de relier <strong>h\u00f4tels, restaurants gastronomiques et salons professionnels<\/strong> dans des conditions optimales.<\/p>\n\n\n\n<h2 class=\"wp-block-heading\"><strong>Congr\u00e8s R\u00e9animation : les avanc\u00e9es de la m\u00e9decine intensive<\/strong><\/h2>\n\n\n\n<p>Du <strong>10 au 12 juin 2026<\/strong>, le <strong>Palais des Congr\u00e8s de Paris<\/strong> accueille le <strong>Congr\u00e8s R\u00e9animation<\/strong>, grand rendez-vous annuel des professionnels de la m\u00e9decine intensive.<\/p>\n\n\n\n<p>M\u00e9decins, chercheurs et industriels s\u2019y r\u00e9unissent pour pr\u00e9senter les avanc\u00e9es scientifiques et les innovations th\u00e9rapeutiques. Pour ces professionnels souvent soumis \u00e0 des agendas tr\u00e8s charg\u00e9s, la gestion des d\u00e9placements est un facteur essentiel.<\/p>\n\n\n\n<p>A <strong>private chauffeur Connect Smart Drive<\/strong> permet de relier facilement <strong>h\u00f4tels, h\u00f4pitaux parisiens et lieux de congr\u00e8s<\/strong>, tout en offrant un environnement confortable propice \u00e0 la pr\u00e9paration des interventions ou conf\u00e9rences.<\/p>\n\n\n\n<h2 class=\"wp-block-heading\"><strong>Paris Air Show : le plus grand salon a\u00e9ronautique du monde<\/strong><\/h2>\n\n\n\n<p>Du <strong>21 au 27 juin 2026<\/strong>, le <strong>Paris Air Show<\/strong> revient au <strong>Bourget<\/strong>, rassemblant les plus grands industriels de l\u2019a\u00e9ronautique et de l\u2019espace. Ce salon mondial attire des d\u00e9l\u00e9gations gouvernementales, des dirigeants d\u2019entreprises et des investisseurs internationaux.<\/p>\n\n\n\n<p>Durant cet \u00e9v\u00e9nement majeur, la circulation autour du Bourget devient extr\u00eamement dense et les acc\u00e8s sont strictement r\u00e9glement\u00e9s.<\/p>\n\n\n\n<p>Gr\u00e2ce \u00e0 <strong>Connect Smart Drive<\/strong>, les visiteurs b\u00e9n\u00e9ficient d\u2019une <strong>prise en charge premium parfaitement adapt\u00e9e aux contraintes du salon<\/strong> : transferts a\u00e9roport, d\u00e9placements entre h\u00f4tels et salons, accompagnement pour les rendez-vous d\u2019affaires ou \u00e9v\u00e9nements VIP.<\/p>\n\n\n\n<h2 class=\"wp-block-heading\"><strong>Congr\u00e8s GRCI : la cardiologie interventionnelle \u00e0 Paris<\/strong><\/h2>\n\n\n\n<p>Du <strong>23 au 25 septembre 2026<\/strong>, le <strong>Palais des Congr\u00e8s<\/strong> accueille le <strong>Congr\u00e8s GRCI<\/strong>, grand rendez-vous francophone d\u00e9di\u00e9 \u00e0 la cardiologie interventionnelle.<\/p>\n\n\n\n<p>Les professionnels de sant\u00e9 peuvent compter sur <strong>Connect Smart Drive<\/strong> pour organiser leurs d\u00e9placements entre les centres hospitaliers, les h\u00f4tels et les conf\u00e9rences dans des conditions de confort et de discr\u00e9tion optimales.<\/p>\n\n\n\n<h2 class=\"wp-block-heading\"><strong>Art Basel Paris et Mondial de l\u2019Automobile : deux \u00e9v\u00e9nements majeurs de l\u2019automne<\/strong><\/h2>\n\n\n\n<p>L\u2019automne parisien est marqu\u00e9 par deux \u00e9v\u00e9nements d\u2019envergure internationale.<\/p>\n\n\n\n<p><strong>Art Basel Paris<\/strong>, en octobre 2026, r\u00e9unit les galeries les plus prestigieuses et les collectionneurs du monde entier autour de l\u2019art contemporain.<\/p>\n\n\n\n<p>Visit <strong>Mondial de l\u2019Automobile<\/strong>, organis\u00e9 \u00e0 <strong>Paris Expo Porte de Versailles<\/strong>, rassemble quant \u00e0 lui les constructeurs et acteurs de la mobilit\u00e9 pour pr\u00e9senter les innovations du secteur automobile.<\/p>\n\n\n\n<p>Pour ces \u00e9v\u00e9nements tr\u00e8s fr\u00e9quent\u00e9s, <strong>Connect Smart Drive<\/strong> offre une solution de transport haut de gamme permettant de se d\u00e9placer avec \u00e9l\u00e9gance et efficacit\u00e9 dans la capitale. A cette occasion, sachez que <a href=\"https:\/\/connect-smartdrive.com\/en\/chauffeur-prive-grand-prix-de-monaco-f1\/\" data-type=\"post\" data-id=\"3076\"><strong>nous couvrons aussi les comp\u00e9titions de Formule 1 sur la C\u00f4te d&rsquo;Azur<\/strong><\/a>.<\/p>\n\n\n\n<p>Besoin d\u2019un chauffeur VIP pour l\u2019un de ces salons professionnels parisiens, contactez-nous pour obtenir un devis individuel ou de groupe \u00e0 la journ\u00e9e ou pour toute la couverture d\u2019un \u00e9v\u00e8nement.&nbsp;<\/p>","protected":false},"excerpt":{"rendered":"<p>Paris est l\u2019une des capitales mondiales des salons professionnels, des congr\u00e8s internationaux et des grandes foires sectorielles. Chaque ann\u00e9e, la ville accueille des milliers de d\u00e9cideurs, dirigeants, ing\u00e9nieurs, m\u00e9decins, investisseurs ou collectionneurs venus du monde entier pour participer \u00e0 des \u00e9v\u00e9nements strat\u00e9giques. Dans ce contexte exigeant o\u00f9 le temps est pr\u00e9cieux et l\u2019image essentielle, l\u2019organisation [&hellip;]<\/p>\n","protected":false},"author":2,"featured_media":3139,"comment_status":"closed","ping_status":"closed","sticky":false,"template":"","format":"standard","meta":{"_acf_changed":false,"footnotes":""},"categories":[38],"tags":[],"class_list":["post-3119","post","type-post","status-publish","format-standard","has-post-thumbnail","hentry","category-transport-evenementiel-paris"],"acf":[],"_links":{"self":[{"href":"https:\/\/connect-smartdrive.com\/en\/wp-json\/wp\/v2\/posts\/3119","targetHints":{"allow":["GET"]}}],"collection":[{"href":"https:\/\/connect-smartdrive.com\/en\/wp-json\/wp\/v2\/posts"}],"about":[{"href":"https:\/\/connect-smartdrive.com\/en\/wp-json\/wp\/v2\/types\/post"}],"author":[{"embeddable":true,"href":"https:\/\/connect-smartdrive.com\/en\/wp-json\/wp\/v2\/users\/2"}],"replies":[{"embeddable":true,"href":"https:\/\/connect-smartdrive.com\/en\/wp-json\/wp\/v2\/comments?post=3119"}],"version-history":[{"count":2,"href":"https:\/\/connect-smartdrive.com\/en\/wp-json\/wp\/v2\/posts\/3119\/revisions"}],"predecessor-version":[{"id":3144,"href":"https:\/\/connect-smartdrive.com\/en\/wp-json\/wp\/v2\/posts\/3119\/revisions\/3144"}],"wp:featuredmedia":[{"embeddable":true,"href":"https:\/\/connect-smartdrive.com\/en\/wp-json\/wp\/v2\/media\/3139"}],"wp:attachment":[{"href":"https:\/\/connect-smartdrive.com\/en\/wp-json\/wp\/v2\/media?parent=3119"}],"wp:term":[{"taxonomy":"category","embeddable":true,"href":"https:\/\/connect-smartdrive.com\/en\/wp-json\/wp\/v2\/categories?post=3119"},{"taxonomy":"post_tag","embeddable":true,"href":"https:\/\/connect-smartdrive.com\/en\/wp-json\/wp\/v2\/tags?post=3119"}],"curies":[{"name":"wp","href":"https:\/\/api.w.org\/{rel}","templated":true}]}}