{"id":3166,"date":"2026-04-02T11:47:43","date_gmt":"2026-04-02T11:47:43","guid":{"rendered":"https:\/\/www.connect-smartdrive.com\/?p=3166"},"modified":"2026-04-02T11:47:43","modified_gmt":"2026-04-02T11:47:43","slug":"chauffeur-privee-montee-des-marches-cannes","status":"publish","type":"post","link":"https:\/\/connect-smartdrive.com\/en\/chauffeur-privee-montee-des-marches-cannes\/","title":{"rendered":"Mont\u00e9e des marches Cannes 2026 : une arriv\u00e9e de prestige avec les chauffeurs Connect Smart Drive"},"content":{"rendered":"<p>Chaque ann\u00e9e, la mont\u00e9e des marches du <strong>Cannes Film Festival<\/strong> repr\u00e9sente l\u2019un des moments les plus m\u00e9diatis\u00e9s et les plus prestigieux au monde. Acteurs, r\u00e9alisateurs, producteurs, c\u00e9l\u00e9brit\u00e9s, dirigeants et invit\u00e9s VIP se retrouvent devant le mythique <strong>Palais des Festivals et des Congr\u00e8s<\/strong> pour fouler le c\u00e9l\u00e8bre tapis rouge sous les regards des photographes du monde entier.<\/p>\n\n\n\n<p>Dans ce contexte unique, l\u2019arriv\u00e9e sur la Croisette et devant le Palais des Festivals ne peut pas \u00eatre laiss\u00e9e au hasard. L\u2019organisation du transport, le timing, l\u2019acc\u00e8s aux zones s\u00e9curis\u00e9es et l\u2019image projet\u00e9e lors de l\u2019arriv\u00e9e sont des \u00e9l\u00e9ments essentiels. <strong>Connect Smart Drive<\/strong> propose un service de chauffeur priv\u00e9 VIP sp\u00e9cialement adapt\u00e9 \u00e0 la logistique et aux arriv\u00e9es de prestige pour la mont\u00e9e des marches \u00e0 Cannes.<\/p>\n\n\n\n<p>Lors de la mont\u00e9e des marches, tout commence bien avant l\u2019entr\u00e9e dans le Palais des Festivals. L\u2019arriv\u00e9e en v\u00e9hicule fait partie int\u00e9grante du protocole et de l\u2019image. Les v\u00e9hicules se succ\u00e8dent devant le tapis rouge, d\u00e9posant les invit\u00e9s qui montent ensuite les marches sous les flashs des photographes.<\/p>\n\n\n\n<p>Arriver avec un v\u00e9hicule \u00e9l\u00e9gant, conduit par un chauffeur professionnel, fait partie de l\u2019exp\u00e9rience et du prestige de l\u2019\u00e9v\u00e9nement. L\u2019organisation doit \u00eatre parfaite : horaires pr\u00e9cis, acc\u00e8s s\u00e9curis\u00e9s, connaissance des points de d\u00e9pose et coordination avec les \u00e9quipes d\u2019organisation.<\/p>\n\n\n\n<p>C\u2019est pr\u00e9cis\u00e9ment dans ce type de contexte que le service de chauffeur priv\u00e9 VIP Connect Smart Drive prend toute son importance.<\/p>\n\n\n\n<h2 class=\"wp-block-heading\"><strong>Connect Smart Drive organise une logistique parfaitement organis\u00e9e pour les invit\u00e9s et VIP<\/strong><\/h2>\n\n\n\n<p>Pendant le Festival de Cannes, la circulation autour du Palais des Festivals est tr\u00e8s r\u00e9glement\u00e9e. Certaines zones sont r\u00e9serv\u00e9es, les acc\u00e8s sont contr\u00f4l\u00e9s et les horaires doivent \u00eatre respect\u00e9s avec pr\u00e9cision.<\/p>\n\n\n\n<p>Connect Smart Drive organise la logistique transport pour :<\/p>\n\n\n\n<ul class=\"wp-block-list\">\n<li>invit\u00e9s de la mont\u00e9e des marches<\/li>\n\n\n\n<li>\u00e9quipes de films<\/li>\n\n\n\n<li>producteurs et r\u00e9alisateurs<\/li>\n\n\n\n<li>entreprises partenaires<\/li>\n\n\n\n<li>personnalit\u00e9s publiques<\/li>\n\n\n\n<li>clients VIP pr\u00e9sents au festival<\/li>\n\n\n\n<li>invit\u00e9s de soir\u00e9es priv\u00e9es et \u00e9v\u00e9nements officiels<\/li>\n<\/ul>\n\n\n\n<p>Le service inclut l\u2019organisation des transferts, la coordination des horaires, la gestion des acc\u00e8s et la planification des d\u00e9placements entre l\u2019h\u00f4tel, les \u00e9v\u00e9nements et le Palais des Festivals.<\/p>\n\n\n\n<h2 class=\"wp-block-heading\"><strong>Transferts depuis l\u2019a\u00e9rodrome de Cannes ou autres zones a\u00e9roportuaires pour les invit\u00e9s du Festival<\/strong><\/h2>\n\n\n\n<p>Vous arrivez en h\u00e9licopt\u00e8re ou en jet priv\u00e9 depuis les <a href=\"https:\/\/connect-smartdrive.com\/en\/private-chauffeur-at-cannes-mandelieu-airport\/\" data-type=\"airport\" data-id=\"2812\"><strong>a\u00e9roports priv\u00e9s de Cannes<\/strong><\/a>, Monaco ou l\u2019a\u00e9roport international de Nice, nous vous r\u00e9ceptionnons d\u00e8s votre arriv\u00e9e. Pour le Festival International, la demande en transport est tr\u00e8s importante et l\u2019organisation doit \u00eatre anticip\u00e9e.<\/p>\n\n\n\n<p>Avec Connect Smart Drive, les invit\u00e9s b\u00e9n\u00e9ficient :<\/p>\n\n\n\n<ul class=\"wp-block-list\">\n<li>d\u2019un accueil personnalis\u00e9 \u00e0 l\u2019a\u00e9roport<\/li>\n\n\n\n<li>d\u2019une prise en charge des bagages<\/li>\n\n\n\n<li>d\u2019un transfert en v\u00e9hicule haut de gamme<\/li>\n\n\n\n<li>d\u2019une arriv\u00e9e directe \u00e0 l\u2019h\u00f4tel ou \u00e0 la r\u00e9sidence<\/li>\n\n\n\n<li>d\u2019un chauffeur disponible pour la mont\u00e9e des marches et les \u00e9v\u00e9nements<\/li>\n<\/ul>\n\n\n\n<p>Ce service permet d\u2019assurer une organisation fluide d\u00e8s l\u2019arriv\u00e9e sur la C\u00f4te d\u2019Azur.<\/p>\n\n\n\n<h2 class=\"wp-block-heading\"><strong>Votre chauffeur priv\u00e9 \u00e0 disposition pendant toute la dur\u00e9e du Festival de Cannes<\/strong><\/h2>\n\n\n\n<p>La mont\u00e9e des marches n\u2019est qu\u2019une partie du Festival. Les journ\u00e9es et soir\u00e9es sont rythm\u00e9es par de nombreux d\u00e9placements :<\/p>\n\n\n\n<ul class=\"wp-block-list\">\n<li>conf\u00e9rences de presse<\/li>\n\n\n\n<li>interviews<\/li>\n\n\n\n<li>d\u00e9jeuners professionnels<\/li>\n\n\n\n<li>projections<\/li>\n\n\n\n<li>soir\u00e9es priv\u00e9es<\/li>\n\n\n\n<li>\u00e9v\u00e9nements sur les plages<\/li>\n\n\n\n<li>d\u00eeners et galas<\/li>\n\n\n\n<li>d\u00e9placements vers Monaco ou Antibes.<\/li>\n<\/ul>\n\n\n\n<p>Pour toute la dur\u00e9e de votre s\u00e9jour sur la French Riviera, l\u2019agence Connect Smart Drive organise tous les d\u00e9placements et g\u00e8re votre planning sans contrainte logistique. Voyez plus large avec notre agence \u00e9v\u00e8nementielle qui prend en charge tout vos d\u00e9placements priv\u00e9s.&nbsp;<\/p>\n\n\n\n<p><\/p>","protected":false},"excerpt":{"rendered":"<p>Chaque ann\u00e9e, la mont\u00e9e des marches du Festival de Cannes repr\u00e9sente l\u2019un des moments les plus m\u00e9diatis\u00e9s et les plus prestigieux au monde. Acteurs, r\u00e9alisateurs, producteurs, c\u00e9l\u00e9brit\u00e9s, dirigeants et invit\u00e9s VIP se retrouvent devant le mythique Palais des Festivals et des Congr\u00e8s pour fouler le c\u00e9l\u00e8bre tapis rouge sous les regards des photographes du monde [&hellip;]<\/p>\n","protected":false},"author":2,"featured_media":0,"comment_status":"closed","ping_status":"closed","sticky":false,"template":"","format":"standard","meta":{"_acf_changed":false,"footnotes":""},"categories":[40],"tags":[],"class_list":["post-3166","post","type-post","status-publish","format-standard","hentry","category-chauffeur-prive-cannes"],"acf":[],"_links":{"self":[{"href":"https:\/\/connect-smartdrive.com\/en\/wp-json\/wp\/v2\/posts\/3166","targetHints":{"allow":["GET"]}}],"collection":[{"href":"https:\/\/connect-smartdrive.com\/en\/wp-json\/wp\/v2\/posts"}],"about":[{"href":"https:\/\/connect-smartdrive.com\/en\/wp-json\/wp\/v2\/types\/post"}],"author":[{"embeddable":true,"href":"https:\/\/connect-smartdrive.com\/en\/wp-json\/wp\/v2\/users\/2"}],"replies":[{"embeddable":true,"href":"https:\/\/connect-smartdrive.com\/en\/wp-json\/wp\/v2\/comments?post=3166"}],"version-history":[{"count":1,"href":"https:\/\/connect-smartdrive.com\/en\/wp-json\/wp\/v2\/posts\/3166\/revisions"}],"predecessor-version":[{"id":3167,"href":"https:\/\/connect-smartdrive.com\/en\/wp-json\/wp\/v2\/posts\/3166\/revisions\/3167"}],"wp:attachment":[{"href":"https:\/\/connect-smartdrive.com\/en\/wp-json\/wp\/v2\/media?parent=3166"}],"wp:term":[{"taxonomy":"category","embeddable":true,"href":"https:\/\/connect-smartdrive.com\/en\/wp-json\/wp\/v2\/categories?post=3166"},{"taxonomy":"post_tag","embeddable":true,"href":"https:\/\/connect-smartdrive.com\/en\/wp-json\/wp\/v2\/tags?post=3166"}],"curies":[{"name":"wp","href":"https:\/\/api.w.org\/{rel}","templated":true}]}}