{"id":2343,"date":"2025-05-10T11:37:00","date_gmt":"2025-05-10T11:37:00","guid":{"rendered":"https:\/\/www.connect-smartdrive.com\/?p=2343"},"modified":"2026-04-02T11:14:03","modified_gmt":"2026-04-02T11:14:03","slug":"chauffeur-prive-festival-de-cannes","status":"publish","type":"post","link":"https:\/\/connect-smartdrive.com\/fr\/chauffeur-prive-festival-de-cannes\/","title":{"rendered":"R\u00e9servez une berline de luxe avec chauffeur pour le Festival de Cannes : le choix de l&rsquo;excellence"},"content":{"rendered":"\n<p>Le&nbsp;<strong>Festival de Cannes<\/strong>&nbsp;est bien plus qu&rsquo;un simple \u00e9v\u00e9nement cin\u00e9matographique : c&rsquo;est le summum du&nbsp;<strong>glamour, du prestige et du raffinement<\/strong>. Chaque ann\u00e9e, la Croisette devient le point de rencontre des plus grandes c\u00e9l\u00e9brit\u00e9s, des r\u00e9alisateurs renomm\u00e9s et des passionn\u00e9s du septi\u00e8me art. Dans ce contexte exceptionnel, se d\u00e9placer avec \u00e9l\u00e9gance et discr\u00e9tion est un imp\u00e9ratif pour quiconque souhaite s&rsquo;immerger dans l&rsquo;atmosph\u00e8re unique de l&rsquo;\u00e9v\u00e9nement. R\u00e9server un chauffeur priv\u00e9 pour le festival de Cannes&nbsp;devient alors une \u00e9vidence pour vivre pleinement cette exp\u00e9rience grandiose.<\/p>\n\n\n\n<p>Chez Connect Smart Drive, le choix incontournable de ce mode de transport privil\u00e9gi\u00e9e, nous l&rsquo;assurons pour les transferts de l&rsquo;a\u00e9rodrome de Cannes, <a href=\"https:\/\/www.connect-smartdrive.com\/fr\/transfert-nice-cannes\/\" data-type=\"link\" data-id=\"https:\/\/www.connect-smartdrive.com\/fr\/transfert-nice-cannes\/\">de Nice<\/a>&nbsp;et pour la mont\u00e9e des marches.<\/p>\n\n\n<a class=\"csd-blog-b-summary\">\n    <div class=\"headline\">\n        <div class=\"title h3\">Au programme<\/div>\n    <\/div>\n    <div class=\"titles\">\n        <div class=\"title preload\"><\/div>\n        <div class=\"title preload\"><\/div>\n        <div class=\"title preload\"><\/div>\n    <\/div>\n<\/a>\n\n\n<h2 class=\"wp-block-heading\">Un chauffeur priv\u00e9 pour le Festival de Cannes : un Imp\u00e9ratif de standing pour vous et pour nous<\/h2>\n\n\n\n<p>Le Festival de Cannes attire chaque ann\u00e9e les plus grandes stars et les professionnels du cin\u00e9ma du monde entier. Pour garantir une&nbsp;<strong>image impeccable<\/strong>&nbsp;et des d\u00e9placements fluides, l\u2019option d\u2019une&nbsp;<strong>berline de luxe avec chauffeur priv\u00e9<\/strong>&nbsp;est indispensable.<\/p>\n\n\n\n<p>Qu\u2019il s\u2019agisse de vous rendre au&nbsp;<strong>Palais des Festivals<\/strong>, de participer \u00e0 une soir\u00e9e priv\u00e9e ou d\u2019assister \u00e0 une projection officielle, vous m\u00e9ritez un service \u00e0 la hauteur de l\u2019\u00e9v\u00e9nement. Nos chauffeurs professionnels, bilingues et exp\u00e9riment\u00e9s, vous assurent des trajets ponctuels et discrets, dans un confort optimal.<\/p>\n\n\n\n<h2 class=\"wp-block-heading\">Une solution de mobilit\u00e9 optimale pour vos moments cl\u00e9s : mont\u00e9e des marches et soir\u00e9es de Gala<\/h2>\n\n\n\n<p>L\u2019un des temps forts du Festival de Cannes est sans conteste la&nbsp;<strong>mont\u00e9e des marches<\/strong>. Moment phare, il requiert une&nbsp;<strong>apparition \u00e9l\u00e9gante et soign\u00e9e<\/strong>. Nos berlines de prestige offrent une arriv\u00e9e digne des plus grandes stars. Pour acc\u00e9der aux zones r\u00e9serv\u00e9es et garantir un d\u00e9barquement en toute s\u00e9curit\u00e9, nos chauffeurs sont&nbsp;pr\u00e9sents pour naviguer dans l\u2019environnement r\u00e9glement\u00e9 de l\u2019\u00e9v\u00e9nement. Votre arriv\u00e9e sera orchestr\u00e9e avec professionnalisme, vous permettant de fouler le tapis rouge sans souci logistique.<\/p>\n\n\n\n<h2 class=\"wp-block-heading\">Transferts depuis l\u2019A\u00e9rodrome de Cannes-Mandelieu : un accueil personnalis\u00e9 d\u00e8s votre atterrissage<\/h2>\n\n\n\n<p>L\u2019a\u00e9rodrome de Cannes-Mandelieu est le point d\u2019arriv\u00e9e privil\u00e9gi\u00e9 des personnalit\u00e9s et des professionnels du cin\u00e9ma. Pour vous assurer une arriv\u00e9e confortable et rapide, notre service de chauffeur priv\u00e9 pour le Festival de Cannes vous accueille directement au terminal&nbsp;<strong>pour votre prise en charge<\/strong>. Celle-ci est imm\u00e9diate et se fait avec \u00e9l\u00e9gance, garantissant votre confort apr\u00e8s un vol parfois long. Nos chauffeurs vous guident jusqu\u2019\u00e0 votre berline de luxe, stationn\u00e9e \u00e0 proximit\u00e9, pour un d\u00e9part sans attente.<\/p>\n\n\n\n<h2 class=\"wp-block-heading\">Arriv\u00e9e vers les h\u00f4tels les plus prestigieux de la Croisette<\/h2>\n\n\n\n<p>Vous avez r\u00e9serv\u00e9 une suite au&nbsp;<strong>Martinez<\/strong>, au&nbsp;<strong>Majestic Barri\u00e8re<\/strong>&nbsp;ou au&nbsp;<strong>Carlton<\/strong>&nbsp;! votre trajet sera assur\u00e9 dans des conditions de confort absolu. Le chauffeur Connect Smart Drive vous d\u00e9posera directement devant l\u2019entr\u00e9e principale de votre h\u00f4tel, en prenant en charge vos bagages avec soin et discr\u00e9tion. Vous serez alors pr\u00eat \u00e0 profiter de votre s\u00e9jour dans le luxe cannois. De votre h\u00f4tel aux r\u00e9ceptions priv\u00e9s, nos limousines VIP assurent votre&nbsp;<strong>entr\u00e9e remarqu\u00e9e<\/strong>&nbsp;et digne des plus grandes festivit\u00e9s cannoises.<\/p>\n\n\n\n<p>Nos chauffeurs pour le Festival de Cannes en tenue de c\u00e9r\u00e9monie vous ouvrent la porte, vous offrant une sortie \u00e9l\u00e9gante et parfaitement orchestr\u00e9e pour ces instants d\u2019exception.<\/p>\n\n\n\n<p>Enfin, le Festival de Cannes est non seulement une vitrine internationale mais aussi un \u00e9v\u00e9nement rythm\u00e9 par les impr\u00e9vus et les changements d\u2019horaires. Avoir un chauffeur priv\u00e9 vous assure une&nbsp;<strong>flexibilit\u00e9 totale<\/strong>&nbsp;pour g\u00e9rer vos d\u00e9placements.<\/p>\n\n\n\n<p>Pour cet \u00e9v\u00e8nement sp\u00e9cial, contactez-nous pour simuler un devis qui couvre toute la p\u00e9riode ou un chauffeur priv\u00e9 d\u00e9di\u00e9 \u00e0 la journ\u00e9e.<\/p>\n\n\n\n<h2 class=\"wp-block-heading\"><strong>Prenez les devants pour r\u00e9server votre moyen de transport sur mesure<\/strong> bein \u00e0 l&rsquo;avance<\/h2>\n\n\n\n<p>Le Festival de Cannes reste un \u00e9v\u00e8nement d\u2019envergure mondial. Comme chaque ann\u00e9e, Connect Smart Drive assiste aux c\u00e9r\u00e9monies et organise la logistique pour diff\u00e9rents clients. D\u00e8s le mois d\u2019octobre, c\u2019est \u00e0 dire six mois \u00e0 l\u2019avance, les r\u00e9servations commencent \u00e0 affluer. Il est donc opportun de commencer \u00e0 faire vos recherches bien au pr\u00e9alable pour disposer des meilleurs v\u00e9hicules. Une p\u00e9riode de 6 mois avant le d\u00e9but du Festival est donc id\u00e9ale pour que votre logistique soit pr\u00eate tout comme vous le faites pour r\u00e9server un h\u00f4tel sur la Croisette.&nbsp;<\/p>\n\n\n\n<p>Pour tout demande ou devis, vous pouvez directement nous \u00e9crire sur notre adresse de contact. Nous r\u00e9pondons en moins de 48 heures. &nbsp;<\/p>\n","protected":false},"excerpt":{"rendered":"<p>Le&nbsp;Festival de Cannes&nbsp;est bien plus qu&rsquo;un simple \u00e9v\u00e9nement cin\u00e9matographique : c&rsquo;est le summum du&nbsp;glamour, du prestige et du raffinement. Chaque ann\u00e9e, la Croisette devient le point de rencontre des plus grandes c\u00e9l\u00e9brit\u00e9s, des r\u00e9alisateurs renomm\u00e9s et des passionn\u00e9s du septi\u00e8me art. Dans ce contexte exceptionnel, se d\u00e9placer avec \u00e9l\u00e9gance et discr\u00e9tion est un imp\u00e9ratif pour [&hellip;]<\/p>\n","protected":false},"author":2,"featured_media":1663,"comment_status":"closed","ping_status":"closed","sticky":false,"template":"","format":"standard","meta":{"_acf_changed":false,"footnotes":""},"categories":[36,40],"tags":[],"class_list":["post-2343","post","type-post","status-publish","format-standard","has-post-thumbnail","hentry","category-transport-evenementiel-cote-d-azur","category-chauffeur-prive-cannes"],"acf":[],"_links":{"self":[{"href":"https:\/\/connect-smartdrive.com\/fr\/wp-json\/wp\/v2\/posts\/2343","targetHints":{"allow":["GET"]}}],"collection":[{"href":"https:\/\/connect-smartdrive.com\/fr\/wp-json\/wp\/v2\/posts"}],"about":[{"href":"https:\/\/connect-smartdrive.com\/fr\/wp-json\/wp\/v2\/types\/post"}],"author":[{"embeddable":true,"href":"https:\/\/connect-smartdrive.com\/fr\/wp-json\/wp\/v2\/users\/2"}],"replies":[{"embeddable":true,"href":"https:\/\/connect-smartdrive.com\/fr\/wp-json\/wp\/v2\/comments?post=2343"}],"version-history":[{"count":6,"href":"https:\/\/connect-smartdrive.com\/fr\/wp-json\/wp\/v2\/posts\/2343\/revisions"}],"predecessor-version":[{"id":2931,"href":"https:\/\/connect-smartdrive.com\/fr\/wp-json\/wp\/v2\/posts\/2343\/revisions\/2931"}],"wp:featuredmedia":[{"embeddable":true,"href":"https:\/\/connect-smartdrive.com\/fr\/wp-json\/wp\/v2\/media\/1663"}],"wp:attachment":[{"href":"https:\/\/connect-smartdrive.com\/fr\/wp-json\/wp\/v2\/media?parent=2343"}],"wp:term":[{"taxonomy":"category","embeddable":true,"href":"https:\/\/connect-smartdrive.com\/fr\/wp-json\/wp\/v2\/categories?post=2343"},{"taxonomy":"post_tag","embeddable":true,"href":"https:\/\/connect-smartdrive.com\/fr\/wp-json\/wp\/v2\/tags?post=2343"}],"curies":[{"name":"wp","href":"https:\/\/api.w.org\/{rel}","templated":true}]}}