{"id":2856,"date":"2025-10-11T06:19:25","date_gmt":"2025-10-11T06:19:25","guid":{"rendered":"https:\/\/www.connect-smartdrive.com\/?p=2856"},"modified":"2026-01-26T09:53:43","modified_gmt":"2026-01-26T09:53:43","slug":"taxi-volant-dubai","status":"publish","type":"post","link":"https:\/\/connect-smartdrive.com\/fr\/taxi-volant-dubai\/","title":{"rendered":"Taxi Volant \u00e0 Duba\u00ef : mise en service pr\u00e9vu en 2026"},"content":{"rendered":"\n<p>Duba\u00ef, capitale mondiale de l\u2019innovation urbaine, s\u2019appr\u00eate \u00e0 franchir une nouvelle \u00e9tape dans sa m\u00e9tamorphose avec l\u2019arriv\u00e9e des <strong>taxis volants \u00e9lectriques<\/strong> d\u00e8s 2026. Une avanc\u00e9e technologique qui promet de transformer en profondeur la mobilit\u00e9 dans la ville la plus dynamique des \u00c9mirats Arabes Unis. Une r\u00e9ponse innovante \u00e0 la pollution et \u00e0 la congestion urbaine. Le lancement de ces a\u00e9ronefs ne vous emp\u00eache pas depuis cette ville de continuer \u00e0 <a href=\"https:\/\/www.connect-smartdrive.com\/fr\/chauffeur-prive-dubai\/\"><strong>profiter de notre Cab Service<\/strong><\/a>.\u00a0<\/p>\n\n\n<a class=\"csd-blog-b-summary\">\n    <div class=\"headline\">\n        <div class=\"title h3\">Au programme<\/div>\n    <\/div>\n    <div class=\"titles\">\n        <div class=\"title preload\"><\/div>\n        <div class=\"title preload\"><\/div>\n        <div class=\"title preload\"><\/div>\n    <\/div>\n<\/a>\n\n\n<h2 class=\"wp-block-heading\"><strong>Une r\u00e9ponse innovante \u00e0 la pollution et \u00e0 la congestion urbaine<\/strong><\/h2>\n\n\n\n<p>Duba\u00ef est une m\u00e9gapole o\u00f9 la modernit\u00e9 se conjugue \u00e0 grande \u00e9chelle : gratte-ciel vertigineux, centres commerciaux g\u00e9ants, zones d\u2019affaires ultramodernes. Mais cette croissance fulgurante s\u2019accompagne de d\u00e9fis majeurs, notamment en mati\u00e8re de circulation et de pollution atmosph\u00e9rique.<\/p>\n\n\n\n<p>Avec des temp\u00e9ratures d\u00e9passant r\u00e9guli\u00e8rement les 40\u00b0C, l\u2019usage intensif de la climatisation et des v\u00e9hicules thermiques alourdit d\u00e9j\u00e0 la qualit\u00e9 de l\u2019air. C\u2019est dans ce contexte que le <strong>taxi volant \u00e9lectrique<\/strong> prend tout son sens.<\/p>\n\n\n\n<ul class=\"wp-block-list\">\n<li><strong>Z\u00e9ro \u00e9mission polluante<\/strong> : propuls\u00e9 \u00e9lectriquement, il r\u00e9duit consid\u00e9rablement l\u2019empreinte carbone.<\/li>\n\n\n\n<li><strong>Gain de temps consid\u00e9rable<\/strong> : fini les embouteillages interminables sur Sheikh Zayed Road.<\/li>\n\n\n\n<li><strong>Un confort optimal<\/strong> : climatisation int\u00e9gr\u00e9e, silence de vol, espace design et futuriste.<\/li>\n<\/ul>\n\n\n\n<p>Cette nouvelle technologie permet donc d\u2019anticiper l\u2019avenir et offrir une alternative \u00e9cologique et hautement performante.<\/p>\n\n\n\n<h2 class=\"wp-block-heading\"><strong>Atteindre rapidement votre destination dans une ville en mouvement permanent<\/strong><\/h2>\n\n\n\n<p>Duba\u00ef change \u00e0 une vitesse impressionnante. Des quartiers entiers sortent de terre en quelques ann\u00e9es, les zones d\u2019affaires se multiplient et les p\u00f4les touristiques s\u2019\u00e9tendent toujours plus loin.<\/p>\n\n\n\n<p>Dans cet environnement en mutation, <strong>la rapidit\u00e9 devient une valeur essentielle<\/strong>. Le taxi volant offre un atout unique :<\/p>\n\n\n\n<ul class=\"wp-block-list\">\n<li>Relier <strong>Downtown Duba\u00ef \u00e0 Palm Jumeirah en moins de 10 minutes<\/strong>, contre 40 minutes en voiture aux heures de pointe.<\/li>\n\n\n\n<li>Rejoindre <strong>l\u2019a\u00e9roport international<\/strong> depuis le centre-ville sans contrainte de circulation.<\/li>\n\n\n\n<li>Offrir aux hommes et femmes d\u2019affaires des trajets fluides entre les zones strat\u00e9giques comme <strong>Dubai Marina, DIFC ou Business Bay<\/strong>.<\/li>\n<\/ul>\n\n\n\n<p>Cette nouvelle exp\u00e9rience ne sera pas simplement un service de transport, mais une v\u00e9ritable extension d\u2019une philosophie qui <strong>allie exclusivit\u00e9 et efficacit\u00e9<\/strong>.<\/p>\n\n\n\n<h2 class=\"wp-block-heading\"><strong>Des trajets inter-\u00e9mirats : une ouverture vers Sharjah, Ajman et Ras Al Kha\u00efmah<\/strong><\/h2>\n\n\n\n<p>Si le taxi volant est d\u2019abord con\u00e7u pour les trajets intra-urbains, son potentiel d\u00e9passe largement les limites de Duba\u00ef. D\u00e8s 2026, les premi\u00e8res connexions vers les \u00e9mirats voisins pourraient voir le jour, facilitant ainsi la mobilit\u00e9 r\u00e9gionale.<\/p>\n\n\n\n<ul class=\"wp-block-list\">\n<li><strong>Sharjah<\/strong> : un centre culturel et universitaire, accessible en quelques minutes seulement.<\/li>\n\n\n\n<li><strong>Ajman<\/strong> : un \u00e9mirat en pleine croissance, id\u00e9al pour les trajets professionnels rapides.<\/li>\n\n\n\n<li><strong>Ras Al Kha\u00efmah<\/strong> : une destination touristique \u00e9mergente, o\u00f9 nature et luxe s\u2019harmonisent.<\/li>\n<\/ul>\n\n\n\n<h2 class=\"wp-block-heading\"><strong>L\u2019int\u00e9r\u00eat business : connecter Abu Dhabi \u00e0 Duba\u00ef<\/strong><\/h2>\n\n\n\n<p>Le trajet entre Duba\u00ef et Abu Dhabi symbolise \u00e0 lui seul l\u2019int\u00e9r\u00eat strat\u00e9gique des taxis volants. Aujourd\u2019hui, il faut compter entre 1h30 et 2h de route pour relier les deux capitales \u00e9conomiques des \u00c9mirats.<\/p>\n\n\n\n<p>Avec un taxi volant, ce m\u00eame trajet sera r\u00e9duit \u00e0 environ <strong>30 minutes<\/strong>. Pour les d\u00e9cideurs, investisseurs et entrepreneurs, ce gain de temps repr\u00e9sente une r\u00e9volution.<\/p>\n\n\n\n<ul class=\"wp-block-list\">\n<li>Un rendez-vous \u00e0 Abu Dhabi le matin, retour \u00e0 Duba\u00ef pour un d\u00e9jeuner d\u2019affaires : d\u00e9sormais possible sans contraintes.<\/li>\n\n\n\n<li>Un meilleur \u00e9quilibre entre vie professionnelle et vie personnelle gr\u00e2ce \u00e0 une mobilit\u00e9 fluide.<\/li>\n\n\n\n<li>Une attractivit\u00e9 renforc\u00e9e pour les deux villes, qui consolident ainsi leur r\u00f4le de hubs internationaux.<\/li>\n<\/ul>\n\n\n\n<h2 class=\"wp-block-heading\"><strong>Les co\u00fbts estim\u00e9s des trajets : un luxe accessible<\/strong><\/h2>\n\n\n\n<p>Les projections actuelles laissent entrevoir un mod\u00e8le tarifaire clair :<\/p>\n\n\n\n<ul class=\"wp-block-list\">\n<li><strong>Trajet intra-urbain \u00e0 Duba\u00ef<\/strong> : entre <strong>300 et 350 dirhams<\/strong> (\u224870 \u00e0 80 \u20ac).<\/li>\n\n\n\n<li><strong>Trajet Duba\u00ef \u2013 Abu Dhabi<\/strong> : entre <strong>800 et 1500 dirhams<\/strong> (\u2248180 \u00e0 350 \u20ac).<\/li>\n<\/ul>\n\n\n\n<p>Ces tarifs, bien que premium, restent accessibles pour les voyageurs en qu\u00eate de confort, de rapidit\u00e9 et d\u2019exclusivit\u00e9. \u00c0 titre de comparaison, un transfert classique en limousine haut de gamme co\u00fbte aujourd\u2019hui un prix similaire, mais sans offrir les avantages du vol a\u00e9rien.<\/p>\n\n\n\n<figure class=\"wp-block-table\"><table class=\"has-fixed-layout\"><tbody><tr><td><strong>Type de trajet<\/strong><\/td><td><strong>Dur\u00e9e estim\u00e9e<\/strong><\/td><td><strong>Tarif moyen en dirhams<\/strong><\/td><td><strong>Tarif en euros approx.<\/strong><\/td><\/tr><tr><td>Intra-urbain (Duba\u00ef centre)<\/td><td>8-10 minutes<\/td><td>300 \u2013 350 AED<\/td><td>70 \u2013 80 \u20ac<\/td><\/tr><tr><td>Duba\u00ef \u2013 Abu Dhabi<\/td><td>30 minutes<\/td><td>800 \u2013 1500 AED<\/td><td>180 \u2013 350 \u20ac<\/td><\/tr><tr><td>Duba\u00ef \u2013 Sharjah<\/td><td>15 minutes<\/td><td>400 \u2013 500 AED<\/td><td>90 \u2013 115 \u20ac<\/td><\/tr><tr><td>Duba\u00ef \u2013 Ajman<\/td><td>20 minutes<\/td><td>500 \u2013 600 AED<\/td><td>115 \u2013 140 \u20ac<\/td><\/tr><tr><td>Duba\u00ef \u2013 Ras Al Kha\u00efmah<\/td><td>35 minutes<\/td><td>900 \u2013 1200 AED<\/td><td>200 \u2013 270 \u20ac<\/td><\/tr><\/tbody><\/table><\/figure>\n\n\n\n<p>.<\/p>\n","protected":false},"excerpt":{"rendered":"<p>Duba\u00ef, capitale mondiale de l\u2019innovation urbaine, s\u2019appr\u00eate \u00e0 franchir une nouvelle \u00e9tape dans sa m\u00e9tamorphose avec l\u2019arriv\u00e9e des taxis volants \u00e9lectriques d\u00e8s 2026. Une avanc\u00e9e technologique qui promet de transformer en profondeur la mobilit\u00e9 dans la ville la plus dynamique des \u00c9mirats Arabes Unis. Une r\u00e9ponse innovante \u00e0 la pollution et \u00e0 la congestion urbaine. [&hellip;]<\/p>\n","protected":false},"author":2,"featured_media":2842,"comment_status":"closed","ping_status":"closed","sticky":true,"template":"","format":"standard","meta":{"_acf_changed":false,"footnotes":""},"categories":[39],"tags":[],"class_list":["post-2856","post","type-post","status-publish","format-standard","has-post-thumbnail","hentry","category-hotel-de-luxe-dubai"],"acf":[],"_links":{"self":[{"href":"https:\/\/connect-smartdrive.com\/fr\/wp-json\/wp\/v2\/posts\/2856","targetHints":{"allow":["GET"]}}],"collection":[{"href":"https:\/\/connect-smartdrive.com\/fr\/wp-json\/wp\/v2\/posts"}],"about":[{"href":"https:\/\/connect-smartdrive.com\/fr\/wp-json\/wp\/v2\/types\/post"}],"author":[{"embeddable":true,"href":"https:\/\/connect-smartdrive.com\/fr\/wp-json\/wp\/v2\/users\/2"}],"replies":[{"embeddable":true,"href":"https:\/\/connect-smartdrive.com\/fr\/wp-json\/wp\/v2\/comments?post=2856"}],"version-history":[{"count":4,"href":"https:\/\/connect-smartdrive.com\/fr\/wp-json\/wp\/v2\/posts\/2856\/revisions"}],"predecessor-version":[{"id":2992,"href":"https:\/\/connect-smartdrive.com\/fr\/wp-json\/wp\/v2\/posts\/2856\/revisions\/2992"}],"wp:featuredmedia":[{"embeddable":true,"href":"https:\/\/connect-smartdrive.com\/fr\/wp-json\/wp\/v2\/media\/2842"}],"wp:attachment":[{"href":"https:\/\/connect-smartdrive.com\/fr\/wp-json\/wp\/v2\/media?parent=2856"}],"wp:term":[{"taxonomy":"category","embeddable":true,"href":"https:\/\/connect-smartdrive.com\/fr\/wp-json\/wp\/v2\/categories?post=2856"},{"taxonomy":"post_tag","embeddable":true,"href":"https:\/\/connect-smartdrive.com\/fr\/wp-json\/wp\/v2\/tags?post=2856"}],"curies":[{"name":"wp","href":"https:\/\/api.w.org\/{rel}","templated":true}]}}