{"id":3089,"date":"2026-01-27T12:05:34","date_gmt":"2026-01-27T12:05:34","guid":{"rendered":"https:\/\/www.connect-smartdrive.com\/?p=3089"},"modified":"2026-01-28T16:00:47","modified_gmt":"2026-01-28T16:00:47","slug":"chauffeur-prive-salon-de-l-agriculture","status":"publish","type":"post","link":"https:\/\/connect-smartdrive.com\/fr\/chauffeur-prive-salon-de-l-agriculture\/","title":{"rendered":"Transport \u00e9v\u00e9nementiel pour le Salon de l&rsquo;Agriculture 2026 \u00e0 Paris : r\u00e9servez votre chauffeur"},"content":{"rendered":"\n<p>Chaque ann\u00e9e, le <strong>Salon International de l\u2019Agriculture \u00e0 Paris<\/strong> est l\u2019un des rendez-vous les plus attendus par les professionnels et les visiteurs. V\u00e9ritable carrefour de l\u2019agroalimentaire, de la recherche, des fili\u00e8res agricoles et des innovations du secteur, il attire \u00e9galement un public nombreux venu de toute la France et de l\u2019international.<\/p>\n\n\n\n<p>Pour l\u2019\u00e9dition <strong>2026<\/strong>, le salon se tiendra <strong>du 21 f\u00e9vrier au 1er mars 2026<\/strong>, au <strong>Paris Expo &#8211; Porte de Versailles<\/strong>, avec <strong>plus de 1 100 exposants<\/strong> pr\u00e9sents. Dans ce contexte riche et dense, la question de la <strong>logistique de transport \u00e9v\u00e9nementiel <\/strong>devient essentielle.<\/p>\n\n\n\n<p><strong>Connect Smart Drive<\/strong>, expert en <strong>transport \u00e9v\u00e9nementiel \u00e0 Paris et en \u00cele-de-France<\/strong>, accompagne les visiteurs, exposants et d\u00e9l\u00e9gations professionnelles du salon avec des solutions de <strong>navettes a\u00e9roport<\/strong>, de <strong>transferts priv\u00e9s<\/strong> et de <strong>mise \u00e0 disposition de vans avec chauffeur<\/strong>, parfaitement calibr\u00e9es pour r\u00e9pondre aux besoins des entreprises, scientifiques, industriels et visiteurs internationaux.<\/p>\n\n\n<a class=\"csd-blog-b-summary\">\n    <div class=\"headline\">\n        <div class=\"title h3\">Au programme<\/div>\n    <\/div>\n    <div class=\"titles\">\n        <div class=\"title preload\"><\/div>\n        <div class=\"title preload\"><\/div>\n        <div class=\"title preload\"><\/div>\n    <\/div>\n<\/a>\n\n\n<h2 class=\"wp-block-heading\"><strong>O\u00f9 se d\u00e9roule le Salon de l\u2019Agriculture 2026 ?<\/strong><\/h2>\n\n\n\n<p>L\u2019\u00e9dition 2026 du Salon International de l\u2019Agriculture se d\u00e9roulera <strong>du 21 f\u00e9vrier au 1er mars 2026<\/strong> au c\u00e9l\u00e8bre <strong>Paris Expo &#8211; Porte de Versailles<\/strong>, l\u2019un des espaces d\u2019exposition les plus grands et les plus fr\u00e9quent\u00e9s d\u2019Europe.<\/p>\n\n\n\n<p>&nbsp;<strong>Paris Expo \u2013 Porte de Versailles<\/strong><\/p>\n\n\n\n<ul class=\"wp-block-list\">\n<li>Situ\u00e9 dans le 15\u1d49 arrondissement de Paris<\/li>\n\n\n\n<li>Accessibilit\u00e9 optimale depuis les principaux a\u00e9roports internationaux<\/li>\n\n\n\n<li>Proximit\u00e9 des lignes de m\u00e9tro, tramways et gares ferroviaires<\/li>\n<\/ul>\n\n\n\n<p>Avec <strong>plus de 1 100 exposants<\/strong> provenant de secteurs agricoles, agroalimentaires, scientifiques et institutionnels, le salon offre un programme riche (d\u00e9gustations, pr\u00e9sentations de fili\u00e8res, conf\u00e9rences, comp\u00e9titions animales.). Ce qui en fait une destination incontournable pour les visiteurs professionnels et grand public.<\/p>\n\n\n\n<h2 class=\"wp-block-heading\"><strong>Combien de temps pr\u00e9voir pour visiter le salon ?<\/strong><\/h2>\n\n\n\n<p>Le Salon de l\u2019Agriculture est une exp\u00e9rience immersive : avec ses 1 100 exposants, ses animations et ses pavillons th\u00e9matiques, une visite compl\u00e8te prend souvent <strong>plusieurs heures par jour<\/strong>, voire <strong>plusieurs jours<\/strong>, surtout pour les visiteurs professionnels souhaitant rencontrer des partenaires, assister \u00e0 des conf\u00e9rences ou faire du networking.<\/p>\n\n\n\n<h3 class=\"wp-block-heading\"><strong>&nbsp;Recommandations de dur\u00e9e de visite<\/strong><\/h3>\n\n\n\n<ul class=\"wp-block-list\">\n<li><strong>Visite express : 4 \u00e0 6 heures<\/strong> : pour une d\u00e9couverte rapide des pavillons principaux<\/li>\n\n\n\n<li><strong>Visite professionnelle approfondie : 1 \u00e0 3 jours<\/strong>&nbsp; pour rencontres, conf\u00e9rences, rendez-vous business<\/li>\n\n\n\n<li><strong>Programme VIP \/ entreprise : s\u00e9jour de 2 \u00e0 4 jours<\/strong>&nbsp; incluant r\u00e9unions, d\u00e9placements entre h\u00f4tels, services annexes<\/li>\n<\/ul>\n\n\n\n<p>Cette amplitude de temps a un impact direct sur la planification logistique : il ne s\u2019agit pas simplement d\u2019un aller-retour, mais souvent d\u2019une <strong>organisation compl\u00e8te des d\u00e9placements sur plusieurs jours<\/strong>.<\/p>\n\n\n\n<h2 class=\"wp-block-heading\"><strong>Une expertise d\u00e9di\u00e9e au transport \u00e9v\u00e9nementiel professionnel \u00e0 Paris<\/strong><\/h2>\n\n\n\n<p>Connect Smart Drive comprend ces enjeux et propose un <strong>transport \u00e9v\u00e9nementiel structur\u00e9<\/strong>, pens\u00e9 pour optimiser les d\u00e9placements des visiteurs depuis leur arriv\u00e9e \u00e0 Paris jusqu\u2019aux trajets quotidiens vers le <strong>Salon de l\u2019Agriculture 2026<\/strong>.<\/p>\n\n\n\n<p>Nous intervenons aupr\u00e8s de :<\/p>\n\n\n\n<ul class=\"wp-block-list\">\n<li>Visiteurs professionnels venant de toute la France<\/li>\n\n\n\n<li>D\u00e9l\u00e9gations internationales<\/li>\n\n\n\n<li>Exposants et \u00e9quipes techniques<\/li>\n\n\n\n<li>Scientifiques, ing\u00e9nieurs et industriels<\/li>\n\n\n\n<li>Institutions et partenaires officiels<\/li>\n<\/ul>\n\n\n\n<h2 class=\"wp-block-heading\"><strong>Navettes a\u00e9roport vers le Salon de l\u2019Agriculture depuis toute la France et l\u2019international<\/strong><\/h2>\n\n\n\n<p>Pour les visiteurs venant de l\u2019\u00e9tranger ou des r\u00e9gions fran\u00e7aises, Connect Smart Drive propose des <strong>navettes a\u00e9roport et gare<\/strong> organis\u00e9es vers Paris et le lieu du salon.<\/p>\n\n\n\n<p>Nos services incluent :<\/p>\n\n\n\n<ul class=\"wp-block-list\">\n<li>Transferts depuis <strong>Paris Charles-de-Gaulle (CDG)<\/strong><\/li>\n\n\n\n<li><a href=\"https:\/\/www.connect-smartdrive.com\/fr\/transfert-vtc-aeroport-orly-paris\/\" data-type=\"airport\" data-id=\"747\"><strong>Navettes depuis Paris Orly<\/strong><\/a><\/li>\n\n\n\n<li>Accueil en gare (Gare de Lyon, Montparnasse, Gare du Nord\u2026)<\/li>\n\n\n\n<li>Transferts directs vers h\u00f4tels, centres d\u2019affaires ou Porte de Versailles<\/li>\n<\/ul>\n\n\n\n<p>Tous nos chauffeurs sont form\u00e9s pour assurer un <strong>accueil professionnel<\/strong>, un suivi des arriv\u00e9es en temps r\u00e9el et une <strong>gestion fluide des trajets<\/strong>, m\u00eame pendant les pics d\u2019affluence li\u00e9s au salon.<\/p>\n\n\n\n<h2 class=\"wp-block-heading\"><strong>Transferts en van avec chauffeur pour entreprises et \u00e9quipes professionnelles<\/strong><\/h2>\n\n\n\n<p>Le <strong>transport en van avec chauffeur<\/strong> est une solution parfaitement adapt\u00e9e pour les groupes professionnels, les \u00e9quipes exposantes, ainsi que les d\u00e9l\u00e9gations scientifiques et industrielles pr\u00e9sentes au Salon de l\u2019Agriculture 2026.<\/p>\n\n\n\n<p><strong>Solutions disponibles :<\/strong><\/p>\n\n\n\n<ul class=\"wp-block-list\">\n<li>Vans 7 \u00e0 9 places pour \u00e9quipes<\/li>\n\n\n\n<li>Transferts group\u00e9s entre a\u00e9roports, gares, h\u00f4tels, salon<\/li>\n\n\n\n<li>Mise \u00e0 disposition journali\u00e8re pendant toute la dur\u00e9e du salon<\/li>\n\n\n\n<li>Gestion flexible des horaires selon programmes et rendez-vous<\/li>\n<\/ul>\n\n\n\n<p>Ce type de transport facilite l\u2019organisation interne des entreprises, permet d\u2019optimiser les d\u00e9placements collectifs et offre un <strong>confort adapt\u00e9 \u00e0 un public professionnel exigeant<\/strong>.<\/p>\n\n\n\n<h2 class=\"wp-block-heading\"><strong>Une organisation logistique compl\u00e8te pendant toute la dur\u00e9e du salon<\/strong><\/h2>\n\n\n\n<p>Au-del\u00e0 des transferts ponctuels, Connect Smart Drive propose une <strong>gestion compl\u00e8te du transport \u00e9v\u00e9nementiel<\/strong> pour la dur\u00e9e totale du Salon de l\u2019Agriculture (du 21 f\u00e9vrier au 1er mars 2026) :<\/p>\n\n\n\n<ul class=\"wp-block-list\">\n<li>Coordination des navettes aller-retour quotidiennes vers le salon<\/li>\n\n\n\n<li>Adaptation des trajets selon les heures de conf\u00e9rences, r\u00e9unions ou rendez-vous<\/li>\n\n\n\n<li>Mise \u00e0 disposition de chauffeurs professionnels pour plusieurs jours<\/li>\n\n\n\n<li>Ajustements en temps r\u00e9el selon les impr\u00e9vus ou contraintes horaires<\/li>\n<\/ul>\n\n\n\n<p>Cette logistique structur\u00e9e permet aux visiteurs et aux professionnels de se concentrer sur leurs objectifs sans stress de d\u00e9placement.<\/p>\n","protected":false},"excerpt":{"rendered":"<p>Chaque ann\u00e9e, le Salon International de l\u2019Agriculture \u00e0 Paris est l\u2019un des rendez-vous les plus attendus par les professionnels et les visiteurs. V\u00e9ritable carrefour de l\u2019agroalimentaire, de la recherche, des fili\u00e8res agricoles et des innovations du secteur, il attire \u00e9galement un public nombreux venu de toute la France et de l\u2019international. Pour l\u2019\u00e9dition 2026, le [&hellip;]<\/p>\n","protected":false},"author":2,"featured_media":3107,"comment_status":"closed","ping_status":"closed","sticky":false,"template":"","format":"standard","meta":{"_acf_changed":false,"footnotes":""},"categories":[38],"tags":[],"class_list":["post-3089","post","type-post","status-publish","format-standard","has-post-thumbnail","hentry","category-transport-evenementiel-paris"],"acf":[],"_links":{"self":[{"href":"https:\/\/connect-smartdrive.com\/fr\/wp-json\/wp\/v2\/posts\/3089","targetHints":{"allow":["GET"]}}],"collection":[{"href":"https:\/\/connect-smartdrive.com\/fr\/wp-json\/wp\/v2\/posts"}],"about":[{"href":"https:\/\/connect-smartdrive.com\/fr\/wp-json\/wp\/v2\/types\/post"}],"author":[{"embeddable":true,"href":"https:\/\/connect-smartdrive.com\/fr\/wp-json\/wp\/v2\/users\/2"}],"replies":[{"embeddable":true,"href":"https:\/\/connect-smartdrive.com\/fr\/wp-json\/wp\/v2\/comments?post=3089"}],"version-history":[{"count":4,"href":"https:\/\/connect-smartdrive.com\/fr\/wp-json\/wp\/v2\/posts\/3089\/revisions"}],"predecessor-version":[{"id":3108,"href":"https:\/\/connect-smartdrive.com\/fr\/wp-json\/wp\/v2\/posts\/3089\/revisions\/3108"}],"wp:featuredmedia":[{"embeddable":true,"href":"https:\/\/connect-smartdrive.com\/fr\/wp-json\/wp\/v2\/media\/3107"}],"wp:attachment":[{"href":"https:\/\/connect-smartdrive.com\/fr\/wp-json\/wp\/v2\/media?parent=3089"}],"wp:term":[{"taxonomy":"category","embeddable":true,"href":"https:\/\/connect-smartdrive.com\/fr\/wp-json\/wp\/v2\/categories?post=3089"},{"taxonomy":"post_tag","embeddable":true,"href":"https:\/\/connect-smartdrive.com\/fr\/wp-json\/wp\/v2\/tags?post=3089"}],"curies":[{"name":"wp","href":"https:\/\/api.w.org\/{rel}","templated":true}]}}