{"id":3114,"date":"2026-02-17T15:58:55","date_gmt":"2026-02-17T15:58:55","guid":{"rendered":"https:\/\/www.connect-smartdrive.com\/?p=3114"},"modified":"2026-03-10T09:12:13","modified_gmt":"2026-03-10T09:12:13","slug":"salon-du-bourget-transport-vip","status":"publish","type":"post","link":"https:\/\/connect-smartdrive.com\/fr\/salon-du-bourget-transport-vip\/","title":{"rendered":"Paris Air Show 2027 : votre partenaire mobilit\u00e9 et logistique haut de gamme"},"content":{"rendered":"\n<p>Du <strong>14 au 20 juin 2027<\/strong>, le <strong>Salon international de l\u2019a\u00e9ronautique et de l\u2019espace&nbsp; Paris Air Show<\/strong> rassemblera \u00e0 <strong>Paris-Le Bourget<\/strong> les leaders mondiaux de l\u2019aviation civile et militaire, les principaux donneurs d\u2019ordres et d\u00e9cideurs du secteur a\u00e9ronautique, ainsi que des milliers de visiteurs professionnels en qu\u00eate d\u2019innovation, de partenariats et de solutions d\u2019avant-garde.&nbsp;<\/p>\n\n\n\n<p>Chez <strong>Connect Smart Drive<\/strong>, nous savons combien une pr\u00e9sence \u00e0 cet \u00e9v\u00e9nement majeur n\u00e9cessite une organisation irr\u00e9prochable, des d\u00e9placements fluides et une prise en charge logistique adapt\u00e9e \u00e0 votre statut de dirigeant, d\u2019exposant ou de professionnel invit\u00e9.<\/p>\n\n\n<a class=\"csd-blog-b-summary\">\n    <div class=\"headline\">\n        <div class=\"title h3\">Au programme<\/div>\n    <\/div>\n    <div class=\"titles\">\n        <div class=\"title preload\"><\/div>\n        <div class=\"title preload\"><\/div>\n        <div class=\"title preload\"><\/div>\n    <\/div>\n<\/a>\n\n\n<h2 class=\"wp-block-heading\"><strong>Une expertise transport d\u00e9di\u00e9e aux professionnels exigeants<\/strong><\/h2>\n\n\n\n<p>Depuis sa cr\u00e9ation, <strong>Connect Smart Drive<\/strong> s\u2019est impos\u00e9e comme une solution premium de <strong>transport de personnes et logistique \u00e9v\u00e9nementielle<\/strong> pour une client\u00e8le professionnelle, corporative et internationale.&nbsp;<\/p>\n\n\n\n<p>Contrairement aux plateformes VTC grand public, notre service place la qualit\u00e9, la ponctualit\u00e9 et le confort au c\u0153ur de chaque d\u00e9placement. Nous offrons une exp\u00e9rience sur-mesure, pens\u00e9e pour les cadres sup\u00e9rieurs, dirigeants d\u2019entreprises, ing\u00e9nieurs, repr\u00e9sentants commerciaux, partenaires internationaux et visiteurs VIP pr\u00e9sents au Salon du Bourget 2027.<\/p>\n\n\n\n<h2 class=\"wp-block-heading\"><strong>Transferts priv\u00e9s VIP pour entrepreneurs et dirigeants<\/strong><\/h2>\n\n\n\n<p>Si vous arriviez \u00e0 <strong>Paris-Roissy CDG, Paris-Orly<\/strong> ou \u00e0 une gare TGV&nbsp; parisienne, nous assurons vos transferts vers <a href=\"https:\/\/www.connect-smartdrive.com\/fr\/vtc-aeroport-paris-le-bourget\/\" data-type=\"airport\" data-id=\"689\"><strong>Paris-Le Bourget<\/strong><\/a> dans un confort haut de gamme : berlines premium, SUV ex\u00e9cutifs ou minibus pour groupes d\u2019affaires.&nbsp;<\/p>\n\n\n\n<p>Nos chauffeurs professionnels, multilingues et form\u00e9s \u00e0 l\u2019accueil entreprise, garantissent :<\/p>\n\n\n\n<ul class=\"wp-block-list\">\n<li>Une <strong>ponctualit\u00e9 stricte<\/strong> et un suivi en temps r\u00e9el de vos trajets.<\/li>\n\n\n\n<li>Une <strong>discr\u00e9tion totale<\/strong> et un service adapt\u00e9 \u00e0 vos contraintes professionnelles.<\/li>\n\n\n\n<li>La prise en charge de vos besoins sp\u00e9cifiques (mat\u00e9riel, retours sur rendez-vous, logistique de groupe).<\/li>\n<\/ul>\n\n\n\n<h2 class=\"wp-block-heading\"><strong>Solutions logistiques sur mesure pour exposants<\/strong><\/h2>\n\n\n\n<p>Participer au Paris Air Show implique souvent de coordonner la logistique des \u00e9quipes, des collaborateurs et des visiteurs. <strong>Connect Smart Drive<\/strong> vous propose :<\/p>\n\n\n\n<ul class=\"wp-block-list\">\n<li><strong>Navettes d\u00e9di\u00e9es<\/strong> entre h\u00f4tels, <strong><a href=\"https:\/\/www.connect-smartdrive.com\/chauffeur-prive-salon-de-l-agriculture\/\" data-type=\"post\" data-id=\"3089\">salons<\/a>,<\/strong> zones d\u2019exposition et a\u00e9roports.<\/li>\n\n\n\n<li><strong>Gestion de groupes<\/strong> (\u00e9quipe commerciale, partenaires, clients).<\/li>\n\n\n\n<li><strong>Coordination des plannings de d\u00e9placement<\/strong> avec vos rendez-vous prioritaires.&nbsp;<\/li>\n<\/ul>\n\n\n\n<p>Nos solutions logistiques int\u00e8grent \u00e9galement l\u2019organisation compl\u00e8te des flux, l\u2019assistance sur site et des services sur demande pour r\u00e9pondre \u00e0 toutes les exigences des entreprises exposantes ou visiteuses.<\/p>\n\n\n\n<h2 class=\"wp-block-heading\"><strong>Une offre pens\u00e9e pour le march\u00e9 international<\/strong><\/h2>\n\n\n\n<p>Le Salon du Bourget est la plateforme mondiale de l\u2019a\u00e9ronautique, rassemblant des professionnels venus de plus de <strong>100 pays<\/strong>, couvrant l\u2019aviation civile, militaire, l\u2019espace, la d\u00e9fense, les technologies et les services associ\u00e9s.&nbsp;<\/p>\n\n\n\n<p>Nous comprenons l\u2019importance d\u2019un service <strong>internationalis\u00e9 et flexible<\/strong> :<\/p>\n\n\n\n<ul class=\"wp-block-list\">\n<li>Nos chauffeurs parlent plusieurs langues et sont form\u00e9s aux attentes de la client\u00e8le globale.<\/li>\n\n\n\n<li>Nos solutions sont adapt\u00e9es aux standards internationaux de mobilit\u00e9 professionnelle.<\/li>\n\n\n\n<li>Gr\u00e2ce \u00e0 notre application, vous planifiez et modifiez vos trajets \u00e0 tout moment.<\/li>\n<\/ul>\n\n\n\n<h2 class=\"wp-block-heading\"><strong>Votre agenda mobilit\u00e9 pris en consid\u00e9ration en fonction du d\u00e9roulement du salon<\/strong><\/h2>\n\n\n\n<p>Voici le d\u00e9roulement de cette \u00e9v\u00e8nement important :<\/p>\n\n\n\n<ul class=\"wp-block-list\">\n<li>Du <strong>14 au 17 juin 2027<\/strong> : journ\u00e9es <strong>professionnelles<\/strong>, networking, conf\u00e9rences, d\u00e9monstrations techniques, rencontres avec acteurs majeurs de l\u2019a\u00e9rospatial.&nbsp;<\/li>\n\n\n\n<li>Du <strong>18 au 20 juin 2027<\/strong> : ouverture au grand public, d\u00e9monstrations a\u00e9riennes, focus innovation et engagements R&amp;D.&nbsp;<\/li>\n<\/ul>\n\n\n\n<p>Pour chacun de ces cr\u00e9neaux, <strong>Connect Smart Drive<\/strong> organise votre logistique qu\u2019elle soit individuelle ou en groupe :<\/p>\n\n\n\n<ul class=\"wp-block-list\">\n<li><strong>Transferts matin\/soir optimis\u00e9s<\/strong> selon votre planning salon.<\/li>\n\n\n\n<li><strong>Disponibilit\u00e9 accrue 24\/7<\/strong> pendant toute la dur\u00e9e du salon.<\/li>\n\n\n\n<li><strong>Coordination des d\u00e9placements d\u2019\u00e9quipe et invit\u00e9s<\/strong> avec rappels et notifications.<\/li>\n<\/ul>\n\n\n\n<p>Gr\u00e2ce \u00e0 cette qualit\u00e9 de service, Connect Smart Drive met tout en oeuvre pour renforcer votre r\u00e9seau professionnel international, d\u00e9couvrir les derni\u00e8res innovations a\u00e9ronautiques et logistiques et b\u00e2tir des partenariats durables avec des acteurs industriels cl\u00e9s.<\/p>\n","protected":false},"excerpt":{"rendered":"<p>Du 14 au 20 juin 2027, le Salon international de l\u2019a\u00e9ronautique et de l\u2019espace&nbsp; Paris Air Show rassemblera \u00e0 Paris-Le Bourget les leaders mondiaux de l\u2019aviation civile et militaire, les principaux donneurs d\u2019ordres et d\u00e9cideurs du secteur a\u00e9ronautique, ainsi que des milliers de visiteurs professionnels en qu\u00eate d\u2019innovation, de partenariats et de solutions d\u2019avant-garde.&nbsp; Chez [&hellip;]<\/p>\n","protected":false},"author":2,"featured_media":3138,"comment_status":"closed","ping_status":"closed","sticky":false,"template":"","format":"standard","meta":{"_acf_changed":false,"footnotes":""},"categories":[38],"tags":[],"class_list":["post-3114","post","type-post","status-publish","format-standard","has-post-thumbnail","hentry","category-transport-evenementiel-paris"],"acf":[],"_links":{"self":[{"href":"https:\/\/connect-smartdrive.com\/fr\/wp-json\/wp\/v2\/posts\/3114","targetHints":{"allow":["GET"]}}],"collection":[{"href":"https:\/\/connect-smartdrive.com\/fr\/wp-json\/wp\/v2\/posts"}],"about":[{"href":"https:\/\/connect-smartdrive.com\/fr\/wp-json\/wp\/v2\/types\/post"}],"author":[{"embeddable":true,"href":"https:\/\/connect-smartdrive.com\/fr\/wp-json\/wp\/v2\/users\/2"}],"replies":[{"embeddable":true,"href":"https:\/\/connect-smartdrive.com\/fr\/wp-json\/wp\/v2\/comments?post=3114"}],"version-history":[{"count":3,"href":"https:\/\/connect-smartdrive.com\/fr\/wp-json\/wp\/v2\/posts\/3114\/revisions"}],"predecessor-version":[{"id":3143,"href":"https:\/\/connect-smartdrive.com\/fr\/wp-json\/wp\/v2\/posts\/3114\/revisions\/3143"}],"wp:featuredmedia":[{"embeddable":true,"href":"https:\/\/connect-smartdrive.com\/fr\/wp-json\/wp\/v2\/media\/3138"}],"wp:attachment":[{"href":"https:\/\/connect-smartdrive.com\/fr\/wp-json\/wp\/v2\/media?parent=3114"}],"wp:term":[{"taxonomy":"category","embeddable":true,"href":"https:\/\/connect-smartdrive.com\/fr\/wp-json\/wp\/v2\/categories?post=3114"},{"taxonomy":"post_tag","embeddable":true,"href":"https:\/\/connect-smartdrive.com\/fr\/wp-json\/wp\/v2\/tags?post=3114"}],"curies":[{"name":"wp","href":"https:\/\/api.w.org\/{rel}","templated":true}]}}